{"id":10570,"date":"2025-07-02T15:50:52","date_gmt":"2025-07-02T13:50:52","guid":{"rendered":"https:\/\/bada.de\/?p=10570"},"modified":"2025-07-11T15:51:53","modified_gmt":"2025-07-11T13:51:53","slug":"spannender-austausch-mit-der-11-klasse-des-wirtschaftsgymnasiums-buehl","status":"publish","type":"post","link":"https:\/\/bada.de\/de\/news\/spannender-austausch-mit-der-11-klasse-des-wirtschaftsgymnasiums-buehl","title":{"rendered":"Spannender Austausch mit der 11. Klasse des Wirtschaftsgymnasiums B\u00fchl!"},"content":{"rendered":"\n<p>Wir haben den Nachwuchskr\u00e4ften von morgen unser Unternehmen vorgestellt, Fragen beantwortet und gezeigt, welche vielf\u00e4ltigen beruflichen Perspektiven Bada bietet. Solche Begegnungen sind wertvoll \u2013 f\u00fcr beide Seiten. Denn wer fr\u00fch Einblicke bekommt, wei\u00df besser, wohin der Weg f\u00fchren kann. \ud83d\udca1<br><br>Mehr \u00fcber unsere Ausbildungsangebote findest du auf unserer Website: <a href=\"https:\/\/lnkd.in\/eCVXNecV\" target=\"_blank\" rel=\"noopener noreferrer nofollow\"><a href=\"https:\/\/bada.de\/de\/arbeiten-bei-bada\" target=\"_blank\" rel=\"noopener noreferrer nofollow\">Arbeiten bei Bada \u2013 Bada AG<\/a><\/a><\/p>\n","protected":false},"excerpt":{"rendered":"<p>Wir haben den Nachwuchskr\u00e4ften von morgen unser Unternehmen vorgestellt, Fragen beantwortet und gezeigt, welche vielf\u00e4ltigen beruflichen Perspektiven Bada bietet. Solche Begegnungen sind wertvoll \u2013 f\u00fcr beide Seiten. Denn wer fr\u00fch Einblicke bekommt, wei\u00df besser, wohin der Weg f\u00fchren kann. \ud83d\udca1 Mehr \u00fcber unsere Ausbildungsangebote findest du auf unserer Website: Arbeiten bei Bada \u2013 Bada AG<\/p>\n","protected":false},"author":5,"featured_media":10571,"comment_status":"closed","ping_status":"closed","sticky":false,"template":"","format":"standard","meta":{"_acf_changed":false,"footnotes":""},"categories":[3],"tags":[],"class_list":["post-10570","post","type-post","status-publish","format-standard","has-post-thumbnail","hentry","category-news"],"acf":[],"_links":{"self":[{"href":"https:\/\/bada.de\/de\/wp-json\/wp\/v2\/posts\/10570","targetHints":{"allow":["GET"]}}],"collection":[{"href":"https:\/\/bada.de\/de\/wp-json\/wp\/v2\/posts"}],"about":[{"href":"https:\/\/bada.de\/de\/wp-json\/wp\/v2\/types\/post"}],"author":[{"embeddable":true,"href":"https:\/\/bada.de\/de\/wp-json\/wp\/v2\/users\/5"}],"replies":[{"embeddable":true,"href":"https:\/\/bada.de\/de\/wp-json\/wp\/v2\/comments?post=10570"}],"version-history":[{"count":1,"href":"https:\/\/bada.de\/de\/wp-json\/wp\/v2\/posts\/10570\/revisions"}],"predecessor-version":[{"id":10572,"href":"https:\/\/bada.de\/de\/wp-json\/wp\/v2\/posts\/10570\/revisions\/10572"}],"wp:featuredmedia":[{"embeddable":true,"href":"https:\/\/bada.de\/de\/wp-json\/wp\/v2\/media\/10571"}],"wp:attachment":[{"href":"https:\/\/bada.de\/de\/wp-json\/wp\/v2\/media?parent=10570"}],"wp:term":[{"taxonomy":"category","embeddable":true,"href":"https:\/\/bada.de\/de\/wp-json\/wp\/v2\/categories?post=10570"},{"taxonomy":"post_tag","embeddable":true,"href":"https:\/\/bada.de\/de\/wp-json\/wp\/v2\/tags?post=10570"}],"curies":[{"name":"wp","href":"https:\/\/api.w.org\/{rel}","templated":true}]}}