{"id":307,"date":"2019-07-03T14:28:00","date_gmt":"2019-07-03T12:28:00","guid":{"rendered":"https:\/\/bada.de\/?p=307"},"modified":"2023-07-15T14:30:23","modified_gmt":"2023-07-15T12:30:23","slug":"ein-freitag-im-zeichen-der-umwelt","status":"publish","type":"post","link":"https:\/\/bada.de\/de\/news\/ein-freitag-im-zeichen-der-umwelt","title":{"rendered":"Ein Freitag im Zeichen der Umwelt:"},"content":{"rendered":"\n<p>Am Freitag, dem 28.06.2019, konnte Bada das diesj\u00e4hrige Umweltaudit nach ISO 14.001 sowie die Umweltbetriebspr\u00fcfung nach EMAS wie gewohnt erfolgreich abschlie\u00dfen. Dabei wurde die kontinuierliche Arbeit des letzten Jahres durch den Umweltgutachter Herrn Henning von Knobelsdorff intensiv gepr\u00fcft. Die Ergebnisse finden sich unter anderem in der j\u00e4hrlichen aktualisierten Umwelterkl\u00e4rung und spiegeln die sehr gute Leistung im Rahmen eines harmonischen \u00f6konomischen und \u00f6kologischen Handelns im Einklang mit den Forderungen des Eco-Management and Audit Scheme (EMAS) wider. &nbsp;&nbsp;<\/p>\n\n\n\n<p>Die internationale Umweltmanagementnorm DIN EN ISO 14001 ist zentraler Bestandteil von EMAS. EMAS als systematischer betrieblicher Umweltschutz geht mit seinem erweitertem Anspruch jedoch deutlich \u00fcber das gesetzlich geforderte Ma\u00df hinaus. Damit ist EMAS eines der weltweit anspruchsvollsten Systeme f\u00fcr nachhaltiges Umweltmanagement.<\/p>\n\n\n\n<p>Und obwohl bei Bada nicht nur an diesem Freitag, sondern kontinuierlich an einer verbesserten Umweltleistung gearbeitet wird, bietet die feierliche \u00dcbergabe der freigegebenen Umwelterkl\u00e4rung doch die M\u00f6glichkeit selbst auf das vergangene Jahr zur\u00fcck zu blicken.&nbsp; Gleichzeitig unterst\u00fctzt dabei das qualifizierte Feedback des Umweltgutachters den Blick auf die weitere Entwicklung. &nbsp;So betont Andreas Schettler, Vorstand der Bada AG: \u201eAuch in den kommenden Jahren werden wir unsere Umweltziele mit dem gleichen Elan voran treiben und unter anderem mit einem weiter reduzierten CO2-Verbrauch unseren Anteil f\u00fcr eine lebenswerte Umwelt leisten.<\/p>\n","protected":false},"excerpt":{"rendered":"<p>Am Freitag, dem 28.06.2019, konnte Bada das diesj\u00e4hrige Umweltaudit nach ISO 14.001 sowie die Umweltbetriebspr\u00fcfung nach EMAS wie gewohnt erfolgreich abschlie\u00dfen. Dabei wurde die kontinuierliche Arbeit des letzten Jahres durch den Umweltgutachter Herrn Henning von Knobelsdorff intensiv gepr\u00fcft. Die Ergebnisse finden sich unter anderem in der j\u00e4hrlichen aktualisierten Umwelterkl\u00e4rung und spiegeln die sehr gute Leistung im Rahmen eines harmonischen \u00f6konomischen [&hellip;]<\/p>\n","protected":false},"author":2,"featured_media":308,"comment_status":"closed","ping_status":"closed","sticky":false,"template":"","format":"standard","meta":{"_acf_changed":false,"footnotes":""},"categories":[3],"tags":[],"class_list":["post-307","post","type-post","status-publish","format-standard","has-post-thumbnail","hentry","category-news"],"acf":[],"_links":{"self":[{"href":"https:\/\/bada.de\/de\/wp-json\/wp\/v2\/posts\/307","targetHints":{"allow":["GET"]}}],"collection":[{"href":"https:\/\/bada.de\/de\/wp-json\/wp\/v2\/posts"}],"about":[{"href":"https:\/\/bada.de\/de\/wp-json\/wp\/v2\/types\/post"}],"author":[{"embeddable":true,"href":"https:\/\/bada.de\/de\/wp-json\/wp\/v2\/users\/2"}],"replies":[{"embeddable":true,"href":"https:\/\/bada.de\/de\/wp-json\/wp\/v2\/comments?post=307"}],"version-history":[{"count":0,"href":"https:\/\/bada.de\/de\/wp-json\/wp\/v2\/posts\/307\/revisions"}],"wp:featuredmedia":[{"embeddable":true,"href":"https:\/\/bada.de\/de\/wp-json\/wp\/v2\/media\/308"}],"wp:attachment":[{"href":"https:\/\/bada.de\/de\/wp-json\/wp\/v2\/media?parent=307"}],"wp:term":[{"taxonomy":"category","embeddable":true,"href":"https:\/\/bada.de\/de\/wp-json\/wp\/v2\/categories?post=307"},{"taxonomy":"post_tag","embeddable":true,"href":"https:\/\/bada.de\/de\/wp-json\/wp\/v2\/tags?post=307"}],"curies":[{"name":"wp","href":"https:\/\/api.w.org\/{rel}","templated":true}]}}