{"id":8859,"date":"2025-02-17T14:37:56","date_gmt":"2025-02-17T13:37:56","guid":{"rendered":"https:\/\/bada.de\/?p=8859"},"modified":"2025-02-17T14:37:58","modified_gmt":"2025-02-17T13:37:58","slug":"die-messe-saison-2025-startet-fuer-uns-in-diesem-monat","status":"publish","type":"post","link":"https:\/\/bada.de\/de\/news\/die-messe-saison-2025-startet-fuer-uns-in-diesem-monat","title":{"rendered":"Die Messe-Saison 2025 startet f\u00fcr uns in diesem Monat"},"content":{"rendered":"\n<p>Am 25. und 26. Februar sind wir auf der KPA 2025 in Ulm.<br><br>Diese Fachmesse ist Deutschlands erste branchen\u00fcbergreifende regionale Beschaffungsplattform nur f\u00fcr Kunststoffprodukte. Und da d\u00fcrfen wir von Bada nat\u00fcrlich nicht fehlen!<br><br>Komm vorbei und erfahre in einem pers\u00f6nlichen Gespr\u00e4ch mehr \u00fcber unsere Produktl\u00f6sungen und Dienstleistungen. Du findest uns in Halle 1 am Stand D4. <\/p>\n","protected":false},"excerpt":{"rendered":"<p>Am 25. und 26. Februar sind wir auf der KPA 2025 in Ulm. Diese Fachmesse ist Deutschlands erste branchen\u00fcbergreifende regionale Beschaffungsplattform nur f\u00fcr Kunststoffprodukte. Und da d\u00fcrfen wir von Bada nat\u00fcrlich nicht fehlen! Komm vorbei und erfahre in einem pers\u00f6nlichen Gespr\u00e4ch mehr \u00fcber unsere Produktl\u00f6sungen und Dienstleistungen. Du findest uns in Halle 1 am Stand D4.<\/p>\n","protected":false},"author":5,"featured_media":8860,"comment_status":"closed","ping_status":"closed","sticky":false,"template":"","format":"standard","meta":{"_acf_changed":false,"footnotes":""},"categories":[3],"tags":[],"class_list":["post-8859","post","type-post","status-publish","format-standard","has-post-thumbnail","hentry","category-news"],"acf":[],"_links":{"self":[{"href":"https:\/\/bada.de\/de\/wp-json\/wp\/v2\/posts\/8859","targetHints":{"allow":["GET"]}}],"collection":[{"href":"https:\/\/bada.de\/de\/wp-json\/wp\/v2\/posts"}],"about":[{"href":"https:\/\/bada.de\/de\/wp-json\/wp\/v2\/types\/post"}],"author":[{"embeddable":true,"href":"https:\/\/bada.de\/de\/wp-json\/wp\/v2\/users\/5"}],"replies":[{"embeddable":true,"href":"https:\/\/bada.de\/de\/wp-json\/wp\/v2\/comments?post=8859"}],"version-history":[{"count":2,"href":"https:\/\/bada.de\/de\/wp-json\/wp\/v2\/posts\/8859\/revisions"}],"predecessor-version":[{"id":11126,"href":"https:\/\/bada.de\/de\/wp-json\/wp\/v2\/posts\/8859\/revisions\/11126"}],"wp:featuredmedia":[{"embeddable":true,"href":"https:\/\/bada.de\/de\/wp-json\/wp\/v2\/media\/8860"}],"wp:attachment":[{"href":"https:\/\/bada.de\/de\/wp-json\/wp\/v2\/media?parent=8859"}],"wp:term":[{"taxonomy":"category","embeddable":true,"href":"https:\/\/bada.de\/de\/wp-json\/wp\/v2\/categories?post=8859"},{"taxonomy":"post_tag","embeddable":true,"href":"https:\/\/bada.de\/de\/wp-json\/wp\/v2\/tags?post=8859"}],"curies":[{"name":"wp","href":"https:\/\/api.w.org\/{rel}","templated":true}]}}