{"id":11092,"date":"2026-01-20T14:52:25","date_gmt":"2026-01-20T13:52:25","guid":{"rendered":"https:\/\/bada.de\/sin-categorizar\/la-proteccion-sostenible-del-medio-ambiente-esta-firmemente-anclada-en-la-estrategia-corporativa-de-bada"},"modified":"2026-02-19T15:37:51","modified_gmt":"2026-02-19T14:37:51","slug":"la-proteccion-sostenible-del-medio-ambiente-esta-firmemente-anclada-en-la-estrategia-corporativa-de-bada","status":"publish","type":"post","link":"https:\/\/bada.de\/es\/noticias\/la-proteccion-sostenible-del-medio-ambiente-esta-firmemente-anclada-en-la-estrategia-corporativa-de-bada","title":{"rendered":"La protecci\u00f3n sostenible del medio ambiente est\u00e1 firmemente anclada en la estrategia corporativa de Bada"},"content":{"rendered":"\n<p>Al participar en el EMAS (Sistema Comunitario de Gesti\u00f3n y Auditor\u00eda Medioambientales), cumplimos uno de los sistemas m\u00e1s exigentes del mundo en materia de gesti\u00f3n medioambiental sostenible.<br\/><br\/>Basado en la norma internacional ISO 14001, el EMAS va mucho m\u00e1s all\u00e1 de los requisitos legales. Se centra en la mejora continua del comportamiento medioambiental, la transparencia hacia todas las partes interesadas y la participaci\u00f3n activa de nuestros empleados. \ud83e\udd1d<br\/><br\/>En Bada, el comportamiento econ\u00f3mico y ecol\u00f3gico van de la mano. As\u00ed es como creamos valor sostenible y garantizamos el \u00e9xito a largo plazo para nosotros y nuestros socios. \ud83c\udfc6<br\/><br\/>M\u00e1s informaci\u00f3n sobre nuestras certificaciones y nuestro compromiso con el medio ambiente: <a href=\"https:\/\/lnkd.in\/eqNds7Cb\" target=\"_blank\" rel=\"noopener noreferrer nofollow\"><\/a><a href=\"https:\/\/bada.de\/es\/certificados\" target=\"_blank\" rel=\"noopener noreferrer nofollow\">Certificados &#8211; Bada AG<\/a><\/p>\n","protected":false},"excerpt":{"rendered":"<p>Al participar en el EMAS (Sistema Comunitario de Gesti\u00f3n y Auditor\u00eda Medioambientales), cumplimos uno de los sistemas m\u00e1s exigentes del mundo en materia de gesti\u00f3n medioambiental sostenible. Basado en la norma internacional ISO 14001, el EMAS va mucho m\u00e1s all\u00e1 de los requisitos legales. Se centra en la mejora continua del comportamiento medioambiental, la transparencia hacia todas las partes interesadas [&hellip;]<\/p>\n","protected":false},"author":5,"featured_media":11093,"comment_status":"closed","ping_status":"closed","sticky":false,"template":"","format":"standard","meta":{"_acf_changed":false,"footnotes":""},"categories":[232],"tags":[],"class_list":["post-11092","post","type-post","status-publish","format-standard","has-post-thumbnail","hentry","category-noticias"],"acf":[],"_links":{"self":[{"href":"https:\/\/bada.de\/es\/wp-json\/wp\/v2\/posts\/11092","targetHints":{"allow":["GET"]}}],"collection":[{"href":"https:\/\/bada.de\/es\/wp-json\/wp\/v2\/posts"}],"about":[{"href":"https:\/\/bada.de\/es\/wp-json\/wp\/v2\/types\/post"}],"author":[{"embeddable":true,"href":"https:\/\/bada.de\/es\/wp-json\/wp\/v2\/users\/5"}],"replies":[{"embeddable":true,"href":"https:\/\/bada.de\/es\/wp-json\/wp\/v2\/comments?post=11092"}],"version-history":[{"count":1,"href":"https:\/\/bada.de\/es\/wp-json\/wp\/v2\/posts\/11092\/revisions"}],"predecessor-version":[{"id":11094,"href":"https:\/\/bada.de\/es\/wp-json\/wp\/v2\/posts\/11092\/revisions\/11094"}],"wp:featuredmedia":[{"embeddable":true,"href":"https:\/\/bada.de\/es\/wp-json\/wp\/v2\/media\/11093"}],"wp:attachment":[{"href":"https:\/\/bada.de\/es\/wp-json\/wp\/v2\/media?parent=11092"}],"wp:term":[{"taxonomy":"category","embeddable":true,"href":"https:\/\/bada.de\/es\/wp-json\/wp\/v2\/categories?post=11092"},{"taxonomy":"post_tag","embeddable":true,"href":"https:\/\/bada.de\/es\/wp-json\/wp\/v2\/tags?post=11092"}],"curies":[{"name":"wp","href":"https:\/\/api.w.org\/{rel}","templated":true}]}}