{"id":10707,"date":"2025-08-21T08:43:53","date_gmt":"2025-08-21T06:43:53","guid":{"rendered":"https:\/\/bada.de\/non-classifiee\/cest-ici-que-sont-produits-les-compounds-plastiques-de-la-plus-haute-qualite"},"modified":"2025-08-25T08:52:12","modified_gmt":"2025-08-25T06:52:12","slug":"cest-ici-que-sont-produits-les-compounds-plastiques-de-la-plus-haute-qualite","status":"publish","type":"post","link":"https:\/\/bada.de\/fr\/news-fr\/cest-ici-que-sont-produits-les-compounds-plastiques-de-la-plus-haute-qualite","title":{"rendered":"C&rsquo;est ici que sont produits les compounds plastiques de la plus haute qualit\u00e9 :"},"content":{"rendered":"\n<p>Nos deux sites sont au c\u0153ur de notre production.  <br\/><br\/>\ud83d\udccd B\u00fchl, Allemagne :<br\/>Notre si\u00e8ge social depuis 1997 &#8211; avec une production ultramoderne et notre propre laboratoire high-tech. C&rsquo;est ici que sont cr\u00e9\u00e9s nos compounds sp\u00e9ciaux, d\u00e9velopp\u00e9s individuellement pour r\u00e9pondre aux exigences les plus \u00e9lev\u00e9es. <br\/><br\/>\ud83d\udccd Huesca, Espagne :<br\/>Id\u00e9alement situ\u00e9 entre Barcelone et Saragosse, pr\u00e8s de la fronti\u00e8re fran\u00e7aise. Parfait pour l&rsquo;exportation et les projets de clients internationaux. Ici aussi, nous misons sur des installations de pointe et une qualit\u00e9 maximale.  <br\/><br\/>En savoir plus sur nos sites :  <a href=\"https:\/\/lnkd.in\/ewGk4TTk\" target=\"_blank\" rel=\"noopener noreferrer nofollow\"><\/a><a href=\"https:\/\/bada.de\/fr\/une-implantation-europeenne-une-presence-dans-le-monde-entier\" target=\"_blank\" rel=\"noopener noreferrer nofollow\">Historique et sites &#8211; Bada AG<\/a><\/p>\n","protected":false},"excerpt":{"rendered":"<p>Nos deux sites sont au c\u0153ur de notre production. \ud83d\udccd B\u00fchl, Allemagne :Notre si\u00e8ge social depuis 1997 &#8211; avec une production ultramoderne et notre propre laboratoire high-tech. C&rsquo;est ici que sont cr\u00e9\u00e9s nos compounds sp\u00e9ciaux, d\u00e9velopp\u00e9s individuellement pour r\u00e9pondre aux exigences les plus \u00e9lev\u00e9es. \ud83d\udccd Huesca, Espagne :Id\u00e9alement situ\u00e9 entre Barcelone et Saragosse, pr\u00e8s de la fronti\u00e8re fran\u00e7aise. Parfait pour [&hellip;]<\/p>\n","protected":false},"author":5,"featured_media":10708,"comment_status":"closed","ping_status":"closed","sticky":false,"template":"","format":"standard","meta":{"_acf_changed":false,"footnotes":""},"categories":[230],"tags":[],"class_list":["post-10707","post","type-post","status-publish","format-standard","has-post-thumbnail","hentry","category-news-fr"],"acf":[],"_links":{"self":[{"href":"https:\/\/bada.de\/fr\/wp-json\/wp\/v2\/posts\/10707","targetHints":{"allow":["GET"]}}],"collection":[{"href":"https:\/\/bada.de\/fr\/wp-json\/wp\/v2\/posts"}],"about":[{"href":"https:\/\/bada.de\/fr\/wp-json\/wp\/v2\/types\/post"}],"author":[{"embeddable":true,"href":"https:\/\/bada.de\/fr\/wp-json\/wp\/v2\/users\/5"}],"replies":[{"embeddable":true,"href":"https:\/\/bada.de\/fr\/wp-json\/wp\/v2\/comments?post=10707"}],"version-history":[{"count":1,"href":"https:\/\/bada.de\/fr\/wp-json\/wp\/v2\/posts\/10707\/revisions"}],"predecessor-version":[{"id":10709,"href":"https:\/\/bada.de\/fr\/wp-json\/wp\/v2\/posts\/10707\/revisions\/10709"}],"wp:featuredmedia":[{"embeddable":true,"href":"https:\/\/bada.de\/fr\/wp-json\/wp\/v2\/media\/10708"}],"wp:attachment":[{"href":"https:\/\/bada.de\/fr\/wp-json\/wp\/v2\/media?parent=10707"}],"wp:term":[{"taxonomy":"category","embeddable":true,"href":"https:\/\/bada.de\/fr\/wp-json\/wp\/v2\/categories?post=10707"},{"taxonomy":"post_tag","embeddable":true,"href":"https:\/\/bada.de\/fr\/wp-json\/wp\/v2\/tags?post=10707"}],"curies":[{"name":"wp","href":"https:\/\/api.w.org\/{rel}","templated":true}]}}