{"id":8960,"date":"2025-02-27T09:33:48","date_gmt":"2025-02-27T08:33:48","guid":{"rendered":"https:\/\/bada.de\/non-classifiee\/bada-fete-le-carnaval"},"modified":"2025-03-03T11:12:31","modified_gmt":"2025-03-03T10:12:31","slug":"bada-fete-le-carnaval","status":"publish","type":"post","link":"https:\/\/bada.de\/fr\/news-fr\/bada-fete-le-carnaval","title":{"rendered":"Bada f\u00eate le carnaval !"},"content":{"rendered":"\n<p>\ud83c\udfad Le jeudi sale, c&rsquo;est aussi la f\u00eate chez Bada ! \ud83c\udf8a<br\/><br\/>Ensemble, nous c\u00e9l\u00e9brons la cinqui\u00e8me saison et cr\u00e9ons une ambiance joyeuse. Avec des friandises sucr\u00e9es ou des costumes color\u00e9s, nous profitons de cette journ\u00e9e pleine de bonne humeur avec nos coll\u00e8gues. Le carnaval n&rsquo;est donc pas seulement une tradition, c&rsquo;est aussi une belle occasion de renforcer l&rsquo;esprit d&rsquo;\u00e9quipe et de s&rsquo;amuser ensemble.  <br\/><br\/>Vous voulez faire partie d&rsquo;une \u00e9quipe qui c\u00e9l\u00e8bre le succ\u00e8s ensemble &#8211; et de temps en temps le carnaval ? Consultez notre page Carri\u00e8res :   <a href=\"-\"><\/a><a href=\"https:\/\/bada.de\/fr\/travailler-chez-bada\" target=\"_blank\" rel=\"noopener noreferrer nofollow\">Travailler chez Bada &#8211; Bada AG<\/a><\/p>\n","protected":false},"excerpt":{"rendered":"<p>\ud83c\udfad Le jeudi sale, c&rsquo;est aussi la f\u00eate chez Bada ! \ud83c\udf8a Ensemble, nous c\u00e9l\u00e9brons la cinqui\u00e8me saison et cr\u00e9ons une ambiance joyeuse. Avec des friandises sucr\u00e9es ou des costumes color\u00e9s, nous profitons de cette journ\u00e9e pleine de bonne humeur avec nos coll\u00e8gues. Le carnaval n&rsquo;est donc pas seulement une tradition, c&rsquo;est aussi une belle occasion de renforcer l&rsquo;esprit d&rsquo;\u00e9quipe [&hellip;]<\/p>\n","protected":false},"author":5,"featured_media":8961,"comment_status":"closed","ping_status":"closed","sticky":false,"template":"","format":"standard","meta":{"_acf_changed":false,"footnotes":""},"categories":[230],"tags":[],"class_list":["post-8960","post","type-post","status-publish","format-standard","has-post-thumbnail","hentry","category-news-fr"],"acf":[],"_links":{"self":[{"href":"https:\/\/bada.de\/fr\/wp-json\/wp\/v2\/posts\/8960","targetHints":{"allow":["GET"]}}],"collection":[{"href":"https:\/\/bada.de\/fr\/wp-json\/wp\/v2\/posts"}],"about":[{"href":"https:\/\/bada.de\/fr\/wp-json\/wp\/v2\/types\/post"}],"author":[{"embeddable":true,"href":"https:\/\/bada.de\/fr\/wp-json\/wp\/v2\/users\/5"}],"replies":[{"embeddable":true,"href":"https:\/\/bada.de\/fr\/wp-json\/wp\/v2\/comments?post=8960"}],"version-history":[{"count":1,"href":"https:\/\/bada.de\/fr\/wp-json\/wp\/v2\/posts\/8960\/revisions"}],"predecessor-version":[{"id":8962,"href":"https:\/\/bada.de\/fr\/wp-json\/wp\/v2\/posts\/8960\/revisions\/8962"}],"wp:featuredmedia":[{"embeddable":true,"href":"https:\/\/bada.de\/fr\/wp-json\/wp\/v2\/media\/8961"}],"wp:attachment":[{"href":"https:\/\/bada.de\/fr\/wp-json\/wp\/v2\/media?parent=8960"}],"wp:term":[{"taxonomy":"category","embeddable":true,"href":"https:\/\/bada.de\/fr\/wp-json\/wp\/v2\/categories?post=8960"},{"taxonomy":"post_tag","embeddable":true,"href":"https:\/\/bada.de\/fr\/wp-json\/wp\/v2\/tags?post=8960"}],"curies":[{"name":"wp","href":"https:\/\/api.w.org\/{rel}","templated":true}]}}