{"id":8978,"date":"2025-02-17T14:37:56","date_gmt":"2025-02-17T13:37:56","guid":{"rendered":"https:\/\/bada.de\/non-classifiee\/la-saison-des-salons-2025-commence-pour-nous-ce-mois-ci"},"modified":"2025-03-03T11:13:59","modified_gmt":"2025-03-03T10:13:59","slug":"la-saison-des-salons-2025-commence-pour-nous-ce-mois-ci","status":"publish","type":"post","link":"https:\/\/bada.de\/fr\/news-fr\/la-saison-des-salons-2025-commence-pour-nous-ce-mois-ci","title":{"rendered":"La saison des salons 2025 commence pour nous ce mois-ci"},"content":{"rendered":"\n<p>Les 25 et 26 f\u00e9vrier, nous serons pr\u00e9sents au salon KPA 2025 \u00e0 Ulm.  <br\/><br\/>Ce salon professionnel est la premi\u00e8re plateforme d&rsquo;approvisionnement r\u00e9gionale intersectorielle d&rsquo;Allemagne consacr\u00e9e uniquement aux produits en plastique. Et bien s\u00fbr, Bada ne pouvait pas manquer \u00e0 l&rsquo;appel ! <br\/><br\/>Passe nous voir pour en savoir plus sur nos solutions de produits et nos services lors d&rsquo;un entretien personnel. Vous nous trouverez dans le hall 1, au stand D4.  <\/p>\n","protected":false},"excerpt":{"rendered":"<p>Les 25 et 26 f\u00e9vrier, nous serons pr\u00e9sents au salon KPA 2025 \u00e0 Ulm. Ce salon professionnel est la premi\u00e8re plateforme d&rsquo;approvisionnement r\u00e9gionale intersectorielle d&rsquo;Allemagne consacr\u00e9e uniquement aux produits en plastique. Et bien s\u00fbr, Bada ne pouvait pas manquer \u00e0 l&rsquo;appel ! Passe nous voir pour en savoir plus sur nos solutions de produits et nos services lors d&rsquo;un entretien [&hellip;]<\/p>\n","protected":false},"author":5,"featured_media":8979,"comment_status":"closed","ping_status":"closed","sticky":false,"template":"","format":"standard","meta":{"_acf_changed":false,"footnotes":""},"categories":[230],"tags":[],"class_list":["post-8978","post","type-post","status-publish","format-standard","has-post-thumbnail","hentry","category-news-fr"],"acf":[],"_links":{"self":[{"href":"https:\/\/bada.de\/fr\/wp-json\/wp\/v2\/posts\/8978","targetHints":{"allow":["GET"]}}],"collection":[{"href":"https:\/\/bada.de\/fr\/wp-json\/wp\/v2\/posts"}],"about":[{"href":"https:\/\/bada.de\/fr\/wp-json\/wp\/v2\/types\/post"}],"author":[{"embeddable":true,"href":"https:\/\/bada.de\/fr\/wp-json\/wp\/v2\/users\/5"}],"replies":[{"embeddable":true,"href":"https:\/\/bada.de\/fr\/wp-json\/wp\/v2\/comments?post=8978"}],"version-history":[{"count":1,"href":"https:\/\/bada.de\/fr\/wp-json\/wp\/v2\/posts\/8978\/revisions"}],"predecessor-version":[{"id":8980,"href":"https:\/\/bada.de\/fr\/wp-json\/wp\/v2\/posts\/8978\/revisions\/8980"}],"wp:featuredmedia":[{"embeddable":true,"href":"https:\/\/bada.de\/fr\/wp-json\/wp\/v2\/media\/8979"}],"wp:attachment":[{"href":"https:\/\/bada.de\/fr\/wp-json\/wp\/v2\/media?parent=8978"}],"wp:term":[{"taxonomy":"category","embeddable":true,"href":"https:\/\/bada.de\/fr\/wp-json\/wp\/v2\/categories?post=8978"},{"taxonomy":"post_tag","embeddable":true,"href":"https:\/\/bada.de\/fr\/wp-json\/wp\/v2\/tags?post=8978"}],"curies":[{"name":"wp","href":"https:\/\/api.w.org\/{rel}","templated":true}]}}